{"id":25853,"date":"2023-09-10T09:50:56","date_gmt":"2023-09-10T08:50:56","guid":{"rendered":"https:\/\/www.univ-eloued.dz\/?p=25853"},"modified":"2023-09-10T09:50:56","modified_gmt":"2023-09-10T08:50:56","slug":"regional-symposium","status":"publish","type":"post","link":"https:\/\/www.univ-eloued.dz\/fr\/colloque-regional\/","title":{"rendered":"L&#039;Universit\u00e9 de la Vall\u00e9e participe au colloque r\u00e9gional des universit\u00e9s de l&#039;Est"},"content":{"rendered":"<div dir=\"auto\" style=\"padding-right: 40px;\">\n<div id=\":kt\" class=\"ii gt\">\n<div id=\":ks\" class=\"a3s aiL\">\n<div dir=\"auto\">\n<div dir=\"auto\">\n<div dir=\"auto\">\n<div dir=\"auto\" style=\"text-align: center;\">\n<div dir=\"auto\">\n<div dir=\"auto\"><strong><span style=\"font-size: 28px; color: #ff0000;\">L&#039;Universit\u00e9 de la Vall\u00e9e participe au colloque r\u00e9gional des universit\u00e9s de l&#039;Est <\/span><\/strong><\/div>\n<div dir=\"auto\" style=\"text-align: right;\">\u00a0<\/div>\n<div dir=\"auto\" style=\"text-align: right;\"><strong><span style=\"font-size: 20px;\">En application des r\u00e9sultats du Colloque national des universit\u00e9s tenu le 4 septembre 2023, pr\u00e9sid\u00e9 par le ministre de l&#039;Enseignement sup\u00e9rieur et de la Recherche scientifique, le professeur Kamal Badari, et en pr\u00e9sence des cadres du minist\u00e8re et des directeurs des institutions universitaires, le Colloque r\u00e9gional pour les Universit\u00e9s de l&#039;Est s&#039;est tenue aujourd&#039;hui, jeudi 7 septembre 2023, une r\u00e9union via la technologie des conf\u00e9rences \u00e0 distance, \u00e0 laquelle l&#039;Universit\u00e9 Martyr Hama Lakhdar d&#039;El Oued a particip\u00e9 sous la supervision du Recteur de l&#039;Universit\u00e9, le Professeur Omar Farhati et. ses deux adjoints \u00e0 la p\u00e9dagogie, le professeur Bashir, ont particip\u00e9 \u00e0 la r\u00e9union Mannai et pour les relations ext\u00e9rieures, le professeur Qaddah Al-Habib, le directeur de la Biblioth\u00e8que centrale, le responsable des r\u00e9seaux et syst\u00e8mes de l&#039;universit\u00e9 et le groupe des partenaires sociaux des syndicats de professeurs et de travailleurs. La r\u00e9union s&#039;est ouverte par une pr\u00e9sentation du pr\u00e9sident du Symposium r\u00e9gional des universit\u00e9s de l&#039;Est, le professeur Mohamed Al-Hadi Latrash, consacr\u00e9e aux r\u00e9sultats du colloque national et aux recommandations du ministre de l&#039;Enseignement sup\u00e9rieur et de la Recherche scientifique concernant la pr\u00e9paration \u00e0 l&#039;entr\u00e9e \u00e0 l&#039;universit\u00e9 pour 2023. \/2024 li\u00e9 \u00e0 la recherche d&#039;une formation de qualit\u00e9, \u00e0 l&#039;accr\u00e9ditation de l&#039;enseignement en langue anglaise, \u00e0 la formation des professeurs dans le m\u00eame cadre et \u00e0 la gestion de la vie \u00e9tudiante. Incarner la num\u00e9risation du secteur de l&#039;enseignement sup\u00e9rieur avec une politique z\u00e9ro papier et le processus de renforcement de la cybers\u00e9curit\u00e9 et de la cybers\u00e9curit\u00e9. protection et s\u00e9curit\u00e9 des pages officielles des universit\u00e9s, Et activer le r\u00f4le des institutions \u00e9mergentes dans le cadre de la R\u00e9solution 12\/75, conform\u00e9ment aux instructions du Ministre, afin que l&#039;universit\u00e9 soit utile aux diff\u00e9rents secteurs de la sant\u00e9, de l&#039;\u00e9nergie, de l&#039;agriculture et de la technologie, r\u00e9solve divers probl\u00e8mes et fournisse un soutien primaire aux l&#039;\u00e9conomie nationale. Le pr\u00e9sident du colloque et les directeurs des institutions universitaires ont \u00e9galement soulev\u00e9 la question de la rationalisation de l&#039;ouverture des projets de doctorat de mani\u00e8re \u00e0 servir le cadre \u00e9voqu\u00e9 pr\u00e9c\u00e9demment. Le pr\u00e9sident du colloque r\u00e9gional a pr\u00e9sent\u00e9 les derni\u00e8res \u00e9volutions en mati\u00e8re d&#039;admission \u00e0 l&#039;universit\u00e9 et l&#039;Instruction Minist\u00e9rielle n\u00b0 805\/A.A.\/2023 relative \u00e0 l&#039;horaire et \u00e0 l&#039;extension des horaires d&#039;ouverture des \u00e9tablissements d&#039;enseignement sup\u00e9rieur \u00e0 dix heures du soir, avec la n\u00e9cessit\u00e9 d&#039;une coordination avec le directeurs des services universitaires au niveau de chaque \u00e9tablissement universitaire.<\/span><\/strong><\/div>\n<div dir=\"auto\" style=\"text-align: right;\"><strong><span style=\"font-size: 20px;\">Le pr\u00e9sident du colloque a \u00e9galement soulign\u00e9 le s\u00e9rieux du respect des d\u00e9lais d&#039;inscription des nouveaux \u00e9tudiants et du traitement des cas particuliers conform\u00e9ment aux normes minist\u00e9rielles sp\u00e9cifi\u00e9es. Il a expliqu\u00e9 les processus d&#039;orientation, de r\u00e9orientation et de transfert entre \u00e9tablissements pour la L2\/L3 ((. deuxi\u00e8me et troisi\u00e8me ann\u00e9es de licence)) demandant un transfert vers des sp\u00e9cialisations en dehors de leurs institutions d&#039;origine, ce qui a \u00e9t\u00e9 discut\u00e9 par le pr\u00e9sident. Le colloque a tenu une r\u00e9union avec les directeurs adjoints des universit\u00e9s pour la p\u00e9dagogie, et un certain nombre de points concernant le d\u00e9but de la saison samedi. , le 23 septembre 2023, pour confirmer Le responsable du colloque r\u00e9gional appelle tous les acteurs de la famille universitaire et ses partenaires sociaux \u00e0 renforcer leurs efforts et leur coop\u00e9ration fructueuse pour garantir une entr\u00e9e distingu\u00e9e \u00e0 l&#039;universit\u00e9.<\/span><\/strong><\/div>\n<div dir=\"auto\" style=\"text-align: right;\"><strong><span style=\"font-size: 20px;\">Les interventions des directeurs d\u2019universit\u00e9 et de leurs adjoints en mati\u00e8re de p\u00e9dagogie ont \u00e9galement soulev\u00e9 des inqui\u00e9tudes et des interrogations dans le m\u00eame contexte.<\/span><\/strong><\/div>\n<\/div>\n<\/div>\n<\/div>\n<\/div>\n<\/div>\n<\/div>\n<\/div>\n<\/div>\n<p data-wp-editing=\"1\">\u00a0<\/p>\n<div><img fetchpriority=\"high\" decoding=\"async\" class=\"size-full wp-image-25854 aligncenter\" src=\"https:\/\/www.univ-eloued.dz\/wp-content\/uploads\/2023\/09\/01-6.jpg\" alt=\"\" width=\"1280\" height=\"853\" srcset=\"https:\/\/www.univ-eloued.dz\/wp-content\/uploads\/2023\/09\/01-6.jpg 1280w, https:\/\/www.univ-eloued.dz\/wp-content\/uploads\/2023\/09\/01-6-300x200.jpg 300w, https:\/\/www.univ-eloued.dz\/wp-content\/uploads\/2023\/09\/01-6-1024x682.jpg 1024w, https:\/\/www.univ-eloued.dz\/wp-content\/uploads\/2023\/09\/01-6-768x512.jpg 768w\" sizes=\"(max-width: 1280px) 100vw, 1280px\" \/><\/div>\n<div>\u00a0<\/div>\n<div>\u00a0<\/div>\n<p style=\"text-align: center;\"><span style=\"font-size: 20px;\"><a href=\"https:\/\/www.univ-eloued.dz\/wp-content\/uploads\/2023\/09\/regional-symposium.pdf\"><span style=\"color: #ff6600;\"><strong>Album photos de l&#039;\u00e9v\u00e9nement<\/strong><\/span><\/a><\/span><\/p>\n<p>&nbsp;<\/p>\n<p>&nbsp;<\/p>\n<p>&nbsp;<\/p>\n<div dir=\"auto\">\u00a0<\/div>\n<div dir=\"auto\">\u00a0<\/div>\n<div dir=\"auto\">\u00a0<\/div>\n<div dir=\"auto\">\u00a0<\/div>\n<div dir=\"auto\">\u00a0<\/div>\n<div dir=\"auto\">\u00a0<\/div>\n<div dir=\"auto\">\u00a0<\/div>\n<div dir=\"auto\">\u00a0<\/div>\n<div dir=\"auto\">\u00a0<\/div>\n<div dir=\"auto\">\u00a0<\/div>\n<div dir=\"auto\">\u00a0<\/div>\n<div dir=\"auto\">\u00a0<\/div>\n<div dir=\"auto\">\u00a0<\/div>\n<div dir=\"auto\">\u00a0<\/div>\n<div dir=\"auto\">\u00a0<\/div>\n<div dir=\"auto\">\u00a0<\/div>\n<div dir=\"auto\">\u00a0<\/div>\n<div dir=\"auto\">\u00a0<\/div>\n<div dir=\"auto\">\u00a0<\/div>\n<div dir=\"rtl\" style=\"text-align: center; padding-right: 40px;\">\n<div style=\"padding-right: 40px;\">\u00a0<\/div>\n<\/div>\n<div dir=\"rtl\">\u00a0<\/div>\n<div dir=\"rtl\" style=\"padding-right: 80px;\">\u00a0<\/div>\n<div dir=\"rtl\" style=\"padding-right: 40px;\">\u00a0<\/div>\n<div dir=\"rtl\" style=\"padding-right: 40px;\">\u00a0<\/div>\n<div dir=\"rtl\">\u00a0<\/div>\n<div dir=\"rtl\" style=\"text-align: center;\">\u00a0<\/div>\n<div dir=\"rtl\" style=\"padding-right: 40px;\">\n<div dir=\"auto\">\n<div id=\"m_-6704138684438488240gmail-:r2r:\">\n<div>\n<div>\n<div>\n<div>\n<div dir=\"auto\">\u00a0<\/div>\n<\/div>\n<p>&nbsp;<\/p>\n<div dir=\"auto\">\u00a0<\/div>\n<\/div>\n<\/div>\n<\/div>\n<\/div>\n<\/div>\n<\/div>\n<div dir=\"rtl\">\u00a0<\/div>\n<div dir=\"rtl\">\u00a0<\/div>\n<div dir=\"rtl\">\u00a0<\/div>\n<div dir=\"rtl\">\u00a0<\/div>","protected":false},"excerpt":{"rendered":"<p>L&#039;Universit\u00e9 de la Vall\u00e9e participe au colloque r\u00e9gional des universit\u00e9s de l&#039;Est, en application des r\u00e9sultats du colloque national des universit\u00e9s tenu le 4 septembre 2023, pr\u00e9sid\u00e9 par le ministre de l&#039;Enseignement sup\u00e9rieur et de la Recherche scientifique, le professeur Kamal Badari, et en pr\u00e9sence des cadres du minist\u00e8re et des directeurs des institutions universitaires, s&#039;est tenu aujourd&#039;hui, jeudi 7 septembre 2023, un colloque r\u00e9gional des universit\u00e9s du Martyr Hama Lakhdar \u00e0 El Oued. particip\u00e9 sous la supervision du Recteur de l&#039;Universit\u00e9, le Professeur Omar Farhati. Lors de la r\u00e9union, ses adjoints \u00e0 la p\u00e9dagogie, le professeur Bashir Manai, et aux relations ext\u00e9rieures, le professeur Qadda Al-Habib, le directeur de la biblioth\u00e8que centrale, responsable du r\u00e9seau et des syst\u00e8mes de l&#039;universit\u00e9, et le groupe des partenaires sociaux des professeurs. et les syndicats de travailleurs. La r\u00e9union s&#039;est ouverte par une pr\u00e9sentation du pr\u00e9sident du symposium... <\/p>","protected":false},"author":1,"featured_media":0,"comment_status":"closed","ping_status":"closed","sticky":false,"template":"elementor_header_footer","format":"standard","meta":{"footnotes":""},"categories":[5,3],"tags":[37,39,38,1037],"class_list":["post-25853","post","type-post","status-publish","format-standard","hentry","category-5","category-univ_eloued","tag-univ-of-eloued","tag-39","tag-38","tag-1037"],"rttpg_featured_image_url":null,"rttpg_author":{"display_name":"Fai\u00e7al HIMA","author_link":"https:\/\/www.univ-eloued.dz\/fr\/author\/faical\/"},"rttpg_comment":0,"rttpg_category":"<a href=\"https:\/\/www.univ-eloued.dz\/fr\/tech\/univ_eloued\/%d9%86%d8%b4%d8%a7%d8%b7%d8%a7%d8%aa-%d8%ac%d8%a7%d9%85%d8%b9%d8%a9-%d8%a7%d9%84%d9%88%d8%a7%d8%af%d9%8a\/\" rel=\"category tag\">\u0627\u0644\u0623\u062d\u062f\u0627\u062b \u0627\u0644\u062c\u0627\u0645\u0639\u064a\u0629<\/a> <a href=\"https:\/\/www.univ-eloued.dz\/fr\/tech\/univ_eloued\/\" rel=\"category tag\">\u0627\u0644\u062c\u0627\u0645\u0639\u0629<\/a>","rttpg_excerpt":"\u062c\u0627\u0645\u0639\u0629 \u0627\u0644\u0648\u0627\u062f\u064a \u062a\u0634\u0627\u0631\u0643 \u0641\u064a \u0627\u0644\u0646\u062f\u0648\u0629 \u0627\u0644\u062c\u0647\u0648\u064a\u0629 \u0644\u062c\u0627\u0645\u0639\u0627\u062a \u0627\u0644\u0634\u0631\u0642 \u00a0 \u062a\u0646\u0641\u064a\u0630\u0627 \u0644\u0645\u062e\u0631\u062c\u0627\u062a \u0627\u0644\u0646\u062f\u0648\u0629 \u0627\u0644\u0648\u0637\u0646\u064a\u0629 \u0644\u0644\u062c\u0627\u0645\u0639\u0627\u062a \u0627\u0644\u0645\u0646\u0639\u0642\u062f\u0629 \u0628\u062a\u0627\u0631\u064a\u062e 04 \u0633\u0628\u062a\u0645\u0628\u0631 2023 \u0628\u0631\u0626\u0627\u0633\u0629 \u0627\u0644\u0633\u064a\u062f \u0648\u0632\u064a\u0631 \u0627\u0644\u062a\u0639\u0644\u064a\u0645 \u0627\u0644\u0639\u0627\u0644\u064a \u0648\u0627\u0644\u0628\u062d\u062b \u0627\u0644\u0639\u0644\u0645\u064a \u0627\u0644\u0628\u0631\u0648\u0641\u064a\u0633\u0648\u0631 \u0643\u0645\u0627\u0644 \u0628\u062f\u0627\u0631\u064a \u0648\u0628\u062d\u0636\u0648\u0631 \u0625\u0637\u0627\u0631\u0627\u062a \u0627\u0644\u0648\u0632\u0627\u0631\u0629 \u0648\u0645\u062f\u0631\u0627\u0621 \u0627\u0644\u0645\u0624\u0633\u0633\u0627\u062a \u0627\u0644\u062c\u0627\u0645\u0639\u064a\u0629 \u0639\u0642\u062f\u062a \u0627\u0644\u064a\u0648\u0645 \u0627\u0644\u062e\u0645\u064a\u0633 7 \u0633\u0628\u062a\u0645\u0628\u0631 2023 \u0627\u0644\u0646\u062f\u0648\u0629 \u0627\u0644\u062c\u0647\u0648\u064a\u0629 \u0644\u062c\u0627\u0645\u0639\u0627\u062a \u0627\u0644\u0634\u0631\u0642 \u0627\u062c\u062a\u0645\u0627\u0639\u0627 \u0639\u0628\u0631 \u062a\u0642\u0646\u064a\u0629 \u0627\u0644\u062a\u062d\u0627\u0636\u0631 \u0639\u0646 \u0628\u0639\u062f\u060c\u00a0 \u0648\u0642\u062f \u0634\u0627\u0631\u0643\u062a \u062c\u0627\u0645\u0639\u0629 \u0627\u0644\u0634\u0647\u064a\u062f\u2026","_links":{"self":[{"href":"https:\/\/www.univ-eloued.dz\/fr\/wp-json\/wp\/v2\/posts\/25853","targetHints":{"allow":["GET"]}}],"collection":[{"href":"https:\/\/www.univ-eloued.dz\/fr\/wp-json\/wp\/v2\/posts"}],"about":[{"href":"https:\/\/www.univ-eloued.dz\/fr\/wp-json\/wp\/v2\/types\/post"}],"author":[{"embeddable":true,"href":"https:\/\/www.univ-eloued.dz\/fr\/wp-json\/wp\/v2\/users\/1"}],"replies":[{"embeddable":true,"href":"https:\/\/www.univ-eloued.dz\/fr\/wp-json\/wp\/v2\/comments?post=25853"}],"version-history":[{"count":0,"href":"https:\/\/www.univ-eloued.dz\/fr\/wp-json\/wp\/v2\/posts\/25853\/revisions"}],"wp:attachment":[{"href":"https:\/\/www.univ-eloued.dz\/fr\/wp-json\/wp\/v2\/media?parent=25853"}],"wp:term":[{"taxonomy":"category","embeddable":true,"href":"https:\/\/www.univ-eloued.dz\/fr\/wp-json\/wp\/v2\/categories?post=25853"},{"taxonomy":"post_tag","embeddable":true,"href":"https:\/\/www.univ-eloued.dz\/fr\/wp-json\/wp\/v2\/tags?post=25853"}],"curies":[{"name":"wp","href":"https:\/\/api.w.org\/{rel}","templated":true}]}}