{"id":24701,"date":"2023-05-23T08:39:08","date_gmt":"2023-05-23T07:39:08","guid":{"rendered":"https:\/\/www.univ-eloued.dz\/?p=24701"},"modified":"2023-06-15T13:09:21","modified_gmt":"2023-06-15T12:09:21","slug":"guid_eva","status":"publish","type":"post","link":"https:\/\/www.univ-eloued.dz\/fr\/guid_eva\/","title":{"rendered":"Un s\u00e9minaire d&#039;\u00e9valuation et d&#039;orientation pour les sessions sur les r\u00e9formes et la modernisation du secteur de l&#039;enseignement sup\u00e9rieur \u00e0 l&#039;Universit\u00e9 de la Vall\u00e9e"},"content":{"rendered":"<div dir=\"rtl\" style=\"text-align: center;\"><span style=\"font-size: 24px; color: #0000ff;\"><strong>Un s\u00e9minaire d&#039;\u00e9valuation et d&#039;orientation pour les sessions sur les r\u00e9formes et la modernisation du secteur de l&#039;enseignement sup\u00e9rieur \u00e0 l&#039;Universit\u00e9 de la Vall\u00e9e <\/strong><\/span><\/div>\n<div dir=\"rtl\" style=\"padding-right: 40px; text-align: right;\">\u00a0<\/div>\n<div dir=\"rtl\" style=\"text-align: center; padding-right: 40px;\">\n<div style=\"padding-right: 40px;\">\n<div>\n<div>\n<div dir=\"auto\" style=\"text-align: right;\"><span style=\"font-size: 20px;\"><strong>Aujourd&#039;hui, 22 mai 2023, dans la Grande Salle de Conf\u00e9rence d&#039;Abou Al-Qasim Saadallah de l&#039;Universit\u00e9 du Martyr Hama Lakhdar - El Oued - s&#039;est tenu le colloque d&#039;\u00e9valuation et d&#039;orientation des sessions sur les r\u00e9formes du secteur de l&#039;enseignement sup\u00e9rieur et sa modernisation. dans le cadre de la pr\u00e9sentation du programme sous la tutelle du minist\u00e8re de l&#039;Enseignement sup\u00e9rieur et de la Recherche scientifique relatif aux ateliers locaux sur la modernisation de l&#039;enseignement sup\u00e9rieur, en pr\u00e9sence d&#039;un repr\u00e9sentant du vice-pr\u00e9sident du Colloque r\u00e9gional des universit\u00e9s de l&#039;Est, le professeur Bouchaar Marzouk. , et le repr\u00e9sentant du Bureau du Symposium, le Professeur Kawan Mohamed. O\u00f9 le Recteur de l&#039;Universit\u00e9, le Professeur Omar Farhati, a ouvert le colloque en pr\u00e9sence des Vice-Chanceliers de l&#039;Universit\u00e9, des Doyens des Coll\u00e8ges, du Directeur des Services Universitaires, des Vice-Doyens, des Chefs de D\u00e9partements, des Secr\u00e9taires G\u00e9n\u00e9raux des Coll\u00e8ges. , les responsables des domaines, divisions et sp\u00e9cialisations, ainsi que les repr\u00e9sentants des professeurs et des \u00e9tudiants.<\/strong><\/span><\/div>\n<div dir=\"auto\" style=\"text-align: right;\"><span style=\"font-size: 20px;\"><strong>O\u00f9 le Recteur de l&#039;Universit\u00e9 a accueilli les repr\u00e9sentants du symposium r\u00e9gional de l&#039;Est et tous les participants, pour aborder la grande importance de ce symposium d&#039;\u00e9valuation et d&#039;orientation pour les sessions de r\u00e9formes du secteur de l&#039;enseignement sup\u00e9rieur et de sa modernisation, et les recommandations du Ministre de l&#039;Enseignement Sup\u00e9rieur et de la Recherche Scientifique pour la participation \u00e9troite de tous les membres de la famille universitaire, et l&#039;\u00e9laboration de toutes propositions visant \u00e0 moderniser le secteur de l&#039;enseignement sup\u00e9rieur et de la recherche scientifique. Le Recteur de l&#039;Universit\u00e9 a soulign\u00e9 la disponibilit\u00e9 de l&#039;universit\u00e9 et de la famille universitaire de l&#039;Universit\u00e9 Martyr Hama Lakhdar \u00e0 travers diff\u00e9rents ateliers. Le Vice-recteur charg\u00e9 de la recherche scientifique, Professeur Boubacar Mansour, a pr\u00e9sent\u00e9 en d\u00e9tail le programme et le calendrier pr\u00e9par\u00e9s \u00e0 l&#039;universit\u00e9. , y compris la formation de comit\u00e9s, la nomination de coordinateurs et la synth\u00e8se des rapports des coll\u00e8ges.<\/strong><\/span><\/div>\n<div dir=\"auto\" style=\"text-align: right;\"><span style=\"font-size: 20px;\"><strong>Les ateliers travaillent dans neuf domaines\u00a0:<\/strong><\/span><\/div>\n<div dir=\"auto\" style=\"text-align: right;\"><span style=\"font-size: 20px;\"><strong>Atelier 1 : \u00c9ducation et formation<\/strong><\/span><\/div>\n<div dir=\"auto\" style=\"text-align: right;\"><span style=\"font-size: 20px;\"><strong>Atelier 2 : Employabilit\u00e9 des dipl\u00f4m\u00e9s, innovation et d\u00e9veloppement de la culture entrepreneuriale<\/strong><\/span><\/div>\n<div dir=\"auto\" style=\"text-align: right;\"><span style=\"font-size: 20px;\"><strong>Atelier 3 : Formation doctorale et recherche universitaire.<\/strong><\/span><\/div>\n<div dir=\"auto\" style=\"text-align: right;\"><span style=\"font-size: 20px;\"><strong>Atelier 4 : Cadre de vie pour les \u00e9tudiants<\/strong><\/span><\/div>\n<div dir=\"auto\" style=\"text-align: right;\"><span style=\"font-size: 20px;\"><strong>Atelier 5 : Gouvernance universitaire<\/strong><\/span><\/div>\n<div dir=\"auto\" style=\"text-align: right;\"><span style=\"font-size: 20px;\"><strong>Atelier 6 : Nouvelles suggestions d&#039;organisation p\u00e9dagogique.<\/strong><\/span><\/div>\n<div dir=\"auto\" style=\"text-align: right;\"><span style=\"font-size: 20px;\"><strong>Atelier 7 : Visibilit\u00e9, attractivit\u00e9 de l&#039;universit\u00e9 et son rayonnement international.<\/strong><\/span><\/div>\n<div dir=\"auto\" style=\"text-align: right;\"><span style=\"font-size: 20px;\"><strong>Atelier 8 : Accompagnement juridique et r\u00e9glementaire.<\/strong><\/span><\/div>\n<div dir=\"auto\" style=\"text-align: right;\"><span style=\"font-size: 20px;\"><strong>Atelier 9 : Responsabilit\u00e9 sociale et communautaire universitaire et demande sociale.<\/strong><\/span><\/div>\n<div dir=\"auto\" style=\"text-align: right;\"><span style=\"font-size: 20px;\"><strong>Le vice-pr\u00e9sident du Colloque r\u00e9gional de l&#039;Est, le professeur Bouchaar Marzouk, a ouvert les travaux du colloque en \u00e9voquant les r\u00e9formes examin\u00e9es par le minist\u00e8re et a \u00e9voqu\u00e9 un ensemble de points importants et quelques am\u00e9liorations qui sont dans l&#039;int\u00e9r\u00eat de l&#039;\u00e9tudiant et de l&#039;\u00e9tudiant. Il a soulign\u00e9 l&#039;importance de la num\u00e9risation, qui a des effets positifs sur l&#039;universit\u00e9. Il a soulign\u00e9 la n\u00e9cessit\u00e9 de suivre les mati\u00e8res horizontales, l&#039;enseignement \u00e0 distance et la pr\u00e9paration des professeurs, ainsi que la n\u00e9cessit\u00e9 d&#039;une coordination entre les responsables de l&#039;universit\u00e9 et les services universitaires. assurer une vie universitaire de qualit\u00e9, et il est obligatoire de fournir toutes les capacit\u00e9s n\u00e9cessaires pour moderniser le secteur de l\u2019enseignement sup\u00e9rieur. Ouvrir la porte au dialogue et aux interventions pour que les animateurs des ateliers pr\u00e9sentent un bref aper\u00e7u des progr\u00e8s des ateliers dans chaque coll\u00e8ge et donnent toutes les suggestions, cela a \u00e9galement ouvert la voie aux professeurs et aux organisations \u00e9tudiantes pour faire part de leurs pr\u00e9occupations.<\/strong><\/span><\/div>\n<div dir=\"auto\" style=\"text-align: right;\"><span style=\"font-size: 20px;\"><strong>A l&#039;issue des travaux du colloque, le Vice-pr\u00e9sident du Colloque r\u00e9gional de l&#039;Est, Professeur Bouchaar Marzouk, a remerci\u00e9 le Recteur de l&#039;Universit\u00e9 et toute la famille universitaire de l&#039;Universit\u00e9 de la Vall\u00e9e pour cette positivit\u00e9 et le travail du Recteur en participation \u00e9troite avec tous les acteurs et la famille universitaire. Les travaux des ateliers visent \u00e9galement \u00e0 am\u00e9liorer et assurer la qualit\u00e9 dans le secteur de l&#039;enseignement sup\u00e9rieur, notant que la communication de toutes les recommandations et suggestions au minist\u00e8re de l&#039;Enseignement sup\u00e9rieur et de la Recherche scientifique.<\/strong><\/span><\/div>\n<div dir=\"auto\" style=\"text-align: right;\"><span style=\"font-size: 20px;\"><strong>Au cours de leur visite \u00e0 l&#039;Universit\u00e9 de la Vall\u00e9e, les repr\u00e9sentants du Symposium R\u00e9gional de l&#039;Est ont pass\u00e9 en revue l&#039;\u00e9tat de pr\u00e9paration des dossiers majeurs du secteur de l&#039;enseignement sup\u00e9rieur et de la recherche scientifique de l&#039;universit\u00e9, notamment les bureaux d&#039;\u00e9tudes et les institutions \u00e9mergentes, et l&#039;\u00e9valuation de l&#039;\u00e9tat de pr\u00e9paration des professeurs pour enseigner la langue anglaise pour l\u2019ann\u00e9e universitaire 2023\/2024.<\/strong><\/span><\/div>\n<div dir=\"auto\" style=\"text-align: right;\"><span style=\"font-size: 20px;\"><strong>\u00ab Au cours du symposium, le pr\u00e9sident de l&#039;universit\u00e9 a re\u00e7u la nouvelle du d\u00e9c\u00e8s de son coll\u00e8gue Dr Masoud Tawahariya, professeur \u00e0 la Facult\u00e9 des arts et des langues. Le pr\u00e9sident de l&#039;universit\u00e9 a pr\u00e9sent\u00e9 ses condol\u00e9ances en son propre nom et au nom de l&#039;Universit\u00e9. famille universitaire \u00e0 chaque famille et \u00e0 la famille du d\u00e9funt.<\/strong><\/span><\/div>\n<div dir=\"auto\" style=\"text-align: right;\"><span style=\"font-size: 20px;\"><strong>Que tous les participants se l\u00e8vent pour un moment de mis\u00e9ricorde.<\/strong><\/span><\/div>\n<div dir=\"auto\" style=\"text-align: right;\"><span style=\"font-size: 20px;\"><strong>&quot;A Allah nous appartenons et c&#039;est \u00e0 Lui que nous retournerons&quot;<\/strong><\/span><\/div>\n<div dir=\"auto\" style=\"text-align: right;\"><span style=\"font-size: 20px;\"><strong>Le Recteur de l&#039;Universit\u00e9 a conclu le colloque en remerciant tout particuli\u00e8rement le pr\u00e9sident du colloque r\u00e9gional pour l&#039;Est, le professeur Latrash Mohamed Al-Hadi, son adjoint, le professeur Bouchaar Marzouk, le repr\u00e9sentant du bureau du colloque, le professeur Kawan Mohamed, et tous les membres. du Symposium R\u00e9gional des Universit\u00e9s de l&#039;Est pour les efforts d\u00e9ploy\u00e9s pour incarner la strat\u00e9gie et les objectifs du Minist\u00e8re de l&#039;Enseignement Sup\u00e9rieur et de la Recherche Scientifique, Il a \u00e9galement remerci\u00e9 avec appr\u00e9ciation tous les participants \u00e0 notre famille universitaire.<\/strong><\/span><\/div>\n<\/div>\n<\/div>\n<p><\/p>\n<div dir=\"auto\" style=\"padding-right: 40px; text-align: right;\">\u00a0<\/div>\n<\/div>\n<p><span style=\"font-size: 20px; color: #0000ff;\"><img fetchpriority=\"high\" decoding=\"async\" class=\"alignnone wp-image-24702\" src=\"https:\/\/www.univ-eloued.dz\/wp-content\/uploads\/2023\/05\/gue_eva.jpg\" alt=\"\" width=\"1200\" height=\"535\" srcset=\"https:\/\/www.univ-eloued.dz\/wp-content\/uploads\/2023\/05\/gue_eva.jpg 1280w, https:\/\/www.univ-eloued.dz\/wp-content\/uploads\/2023\/05\/gue_eva-300x134.jpg 300w, https:\/\/www.univ-eloued.dz\/wp-content\/uploads\/2023\/05\/gue_eva-1024x457.jpg 1024w, https:\/\/www.univ-eloued.dz\/wp-content\/uploads\/2023\/05\/gue_eva-768x343.jpg 768w\" sizes=\"(max-width: 1200px) 100vw, 1200px\" \/>\u00a0<\/span><\/div>\n<div dir=\"rtl\">\u00a0<\/div>\n<div dir=\"rtl\" style=\"padding-right: 80px;\">\u00a0<\/div>\n<div dir=\"rtl\" style=\"padding-right: 40px;\">\u00a0<\/div>\n<div dir=\"rtl\" style=\"padding-right: 40px;\">\u00a0<\/div>\n<div dir=\"rtl\">\u00a0<\/div>\n<div dir=\"rtl\" style=\"text-align: center;\">\u00a0<\/div>\n<div dir=\"rtl\" style=\"padding-right: 40px;\">\n<div dir=\"auto\">\n<div id=\"m_-6704138684438488240gmail-:r2r:\">\n<div>\n<div>\n<div>\n<div>\n<div dir=\"auto\">\u00a0<\/div>\n<\/div>\n<p>&nbsp;<\/p>\n<div dir=\"auto\">\u00a0<\/div>\n<\/div>\n<\/div>\n<\/div>\n<\/div>\n<\/div>\n<\/div>\n<div dir=\"rtl\">\u00a0<\/div>\n<div dir=\"rtl\">\u00a0<\/div>\n<div dir=\"rtl\">\u00a0<\/div>\n<div dir=\"rtl\">\u00a0<\/div>","protected":false},"excerpt":{"rendered":"<p>\u0646\u062f\u0648\u0629 \u062a\u0642\u064a\u064a\u0645\u064a\u0629 \u062a\u0648\u062c\u064a\u0647\u064a\u0629 \u0644\u062c\u0644\u0633\u0627\u062a \u0627\u0635\u0644\u0627\u062d\u0627\u062a \u0642\u0637\u0627\u0639 \u0627\u0644\u062a\u0639\u0644\u064a\u0645 \u0627\u0644\u0639\u0627\u0644\u064a \u0648\u0639\u0635\u0631\u0646\u062a\u0647 \u0628\u062c\u0627\u0645\u0639\u0629 \u0627\u0644\u0648\u0627\u062f\u064a \u00a0 \u0627\u0646\u0639\u0642\u062f\u062a \u0627\u0644\u064a\u0648\u0645 22 \u0645\u0627\u064a 2023 \u0628\u0642\u0627\u0639\u0629 \u0627\u0644\u0645\u062d\u0627\u0636\u0631\u0627\u062a \u0627\u0644\u0643\u0628\u0631\u0649 \u0627\u0628\u0648 \u0627\u0644\u0642\u0627\u0633\u0645 \u0633\u0639\u062f \u0627\u0644\u0644\u0647 \u0628\u062c\u0627\u0645\u0639\u0629 \u0627\u0644\u0634\u0647\u064a\u062f \u062d\u0645\u0647 \u0644\u062e\u0636\u0631-\u0627\u0644\u0648\u0627\u062f\u064a- \u0627\u0644\u0646\u062f\u0648\u0629 \u0627\u0644\u062a\u0642\u064a\u064a\u0645\u064a\u0629 \u0627\u0644\u062a\u0648\u062c\u064a\u0647\u064a\u0629 \u0644\u062c\u0644\u0633\u0627\u062a \u0627\u0635\u0644\u0627\u062d\u0627\u062a \u0642\u0637\u0627\u0639 \u0627\u0644\u062a\u0639\u0644\u064a\u0645 \u0627\u0644\u0639\u0627\u0644\u064a \u0648\u0639\u0635\u0631\u0646\u062a\u0647 \u0641\u064a \u0625\u0637\u0627\u0631 \u0627\u0644\u062a\u0639\u0631\u064a\u0641 \u0628\u0627\u0644\u0628\u0631\u0646\u0627\u0645\u062c \u0627\u0644\u0645\u0633\u0637\u0631 \u0645\u0646 \u0637\u0631\u0641 \u0648\u0632\u0627\u0631\u0629 \u0627\u0644\u062a\u0639\u0644\u064a\u0645 \u0627\u0644\u0639\u0627\u0644\u064a \u0648\u0627\u0644\u0628\u062d\u062b \u0627\u0644\u0639\u0644\u0645\u064a \u0648\u0627\u0644\u0645\u062a\u0639\u0644\u0642 \u0628\u0627\u0644\u0648\u0631\u0634\u0627\u062a \u0627\u0644\u0645\u062d\u0644\u064a\u0629 \u062d\u0648\u0644 \u0639\u0635\u0631\u0646\u0629 \u0627\u0644\u062a\u0639\u0644\u064a\u0645 \u0627\u0644\u0639\u0627\u0644\u064a\u060c \u0628\u062d\u0636\u0648\u0631 \u0645\u0645\u062b\u0644 \u0648\u0646\u0627\u0626\u0628 \u0631\u0626\u064a\u0633 \u0627\u0644\u0646\u062f\u0648\u0629 \u0627\u0644\u062c\u0647\u0648\u064a\u0629 \u0644\u062c\u0627\u0645\u0639\u0627\u062a \u0627\u0644\u0634\u0631\u0642 \u0627\u0644\u0628\u0631\u0648\u0641\u064a\u0633\u0648\u0631 \u0628\u0648\u0634\u0639\u0631 \u0645\u0631\u0632\u0648\u0642 \u0648\u0645\u0645\u062b\u0644 \u0645\u0643\u062a\u0628 \u0627\u0644\u0646\u062f\u0648\u0629 \u0627\u0644\u0628\u0631\u0648\u0641\u064a\u0633\u0648\u0631 \u0643\u0639\u0648\u0627\u0646 \u0645\u062d\u0645\u062f \u062d\u064a\u062b \u0627\u0641\u062a\u062a\u062d \u0627\u0644\u0633\u064a\u062f \u0645\u062f\u064a\u0631 \u0627\u0644\u062c\u0627\u0645\u0639\u0629 \u0627\u0644\u0628\u0631\u0648\u0641\u064a\u0633\u0648\u0631 \u0639\u0645\u0631 \u0641\u0631\u062d\u0627\u062a\u064a \u0627\u0644\u0646\u062f\u0648\u0629 \u0628\u062d\u0636\u0648\u0631 \u0627\u0644\u0633\u0627\u062f\u0629 \u0646\u0648\u0627\u0628 \u0645\u062f\u064a\u0631 \u0627\u0644\u062c\u0627\u0645\u0639\u0629 \u0648\u0627\u0644\u0633\u0627\u062f\u0629 \u0639\u0645\u062f\u0627\u0621 \u0627\u0644\u0643\u0644\u064a\u0627\u062a \u0648\u0627\u0644\u0633\u064a\u062f \u0645\u062f\u064a\u0631 \u0627\u0644\u062e\u062f\u0645\u0627\u062a \u0627\u0644\u062c\u0627\u0645\u0639\u064a\u0629 \u0648\u0627\u0644\u0633\u0627\u062f\u0629 \u0646\u0648\u0627\u0628 \u0627\u0644\u0639\u0645\u062f\u0627\u0621 \u0648 \u0631\u0624\u0633\u0627\u0621 \u0627\u0644\u0623\u0642\u0633\u0627\u0645 &hellip; <\/p>","protected":false},"author":1,"featured_media":0,"comment_status":"closed","ping_status":"closed","sticky":false,"template":"elementor_header_footer","format":"standard","meta":{"footnotes":""},"categories":[5,3],"tags":[37,39,38,824,909],"class_list":["post-24701","post","type-post","status-publish","format-standard","hentry","category-5","category-univ_eloued","tag-univ-of-eloued","tag-39","tag-38","tag-824","tag-909"],"rttpg_featured_image_url":null,"rttpg_author":{"display_name":"Fai\u00e7al HIMA","author_link":"https:\/\/www.univ-eloued.dz\/fr\/author\/faical\/"},"rttpg_comment":0,"rttpg_category":"<a href=\"https:\/\/www.univ-eloued.dz\/fr\/tech\/univ_eloued\/%d9%86%d8%b4%d8%a7%d8%b7%d8%a7%d8%aa-%d8%ac%d8%a7%d9%85%d8%b9%d8%a9-%d8%a7%d9%84%d9%88%d8%a7%d8%af%d9%8a\/\" rel=\"category tag\">\u0627\u0644\u0623\u062d\u062f\u0627\u062b \u0627\u0644\u062c\u0627\u0645\u0639\u064a\u0629<\/a> <a href=\"https:\/\/www.univ-eloued.dz\/fr\/tech\/univ_eloued\/\" rel=\"category tag\">\u0627\u0644\u062c\u0627\u0645\u0639\u0629<\/a>","rttpg_excerpt":"\u0646\u062f\u0648\u0629 \u062a\u0642\u064a\u064a\u0645\u064a\u0629 \u062a\u0648\u062c\u064a\u0647\u064a\u0629 \u0644\u062c\u0644\u0633\u0627\u062a \u0627\u0635\u0644\u0627\u062d\u0627\u062a \u0642\u0637\u0627\u0639 \u0627\u0644\u062a\u0639\u0644\u064a\u0645 \u0627\u0644\u0639\u0627\u0644\u064a \u0648\u0639\u0635\u0631\u0646\u062a\u0647 \u0628\u062c\u0627\u0645\u0639\u0629 \u0627\u0644\u0648\u0627\u062f\u064a \u00a0 \u0627\u0646\u0639\u0642\u062f\u062a \u0627\u0644\u064a\u0648\u0645 22 \u0645\u0627\u064a 2023 \u0628\u0642\u0627\u0639\u0629 \u0627\u0644\u0645\u062d\u0627\u0636\u0631\u0627\u062a \u0627\u0644\u0643\u0628\u0631\u0649 \u0627\u0628\u0648 \u0627\u0644\u0642\u0627\u0633\u0645 \u0633\u0639\u062f \u0627\u0644\u0644\u0647 \u0628\u062c\u0627\u0645\u0639\u0629 \u0627\u0644\u0634\u0647\u064a\u062f \u062d\u0645\u0647 \u0644\u062e\u0636\u0631-\u0627\u0644\u0648\u0627\u062f\u064a- \u0627\u0644\u0646\u062f\u0648\u0629 \u0627\u0644\u062a\u0642\u064a\u064a\u0645\u064a\u0629 \u0627\u0644\u062a\u0648\u062c\u064a\u0647\u064a\u0629 \u0644\u062c\u0644\u0633\u0627\u062a \u0627\u0635\u0644\u0627\u062d\u0627\u062a \u0642\u0637\u0627\u0639 \u0627\u0644\u062a\u0639\u0644\u064a\u0645 \u0627\u0644\u0639\u0627\u0644\u064a \u0648\u0639\u0635\u0631\u0646\u062a\u0647 \u0641\u064a \u0625\u0637\u0627\u0631 \u0627\u0644\u062a\u0639\u0631\u064a\u0641 \u0628\u0627\u0644\u0628\u0631\u0646\u0627\u0645\u062c \u0627\u0644\u0645\u0633\u0637\u0631 \u0645\u0646 \u0637\u0631\u0641 \u0648\u0632\u0627\u0631\u0629 \u0627\u0644\u062a\u0639\u0644\u064a\u0645 \u0627\u0644\u0639\u0627\u0644\u064a \u0648\u0627\u0644\u0628\u062d\u062b \u0627\u0644\u0639\u0644\u0645\u064a \u0648\u0627\u0644\u0645\u062a\u0639\u0644\u0642 \u0628\u0627\u0644\u0648\u0631\u0634\u0627\u062a \u0627\u0644\u0645\u062d\u0644\u064a\u0629 \u062d\u0648\u0644 \u0639\u0635\u0631\u0646\u0629 \u0627\u0644\u062a\u0639\u0644\u064a\u0645\u2026","_links":{"self":[{"href":"https:\/\/www.univ-eloued.dz\/fr\/wp-json\/wp\/v2\/posts\/24701","targetHints":{"allow":["GET"]}}],"collection":[{"href":"https:\/\/www.univ-eloued.dz\/fr\/wp-json\/wp\/v2\/posts"}],"about":[{"href":"https:\/\/www.univ-eloued.dz\/fr\/wp-json\/wp\/v2\/types\/post"}],"author":[{"embeddable":true,"href":"https:\/\/www.univ-eloued.dz\/fr\/wp-json\/wp\/v2\/users\/1"}],"replies":[{"embeddable":true,"href":"https:\/\/www.univ-eloued.dz\/fr\/wp-json\/wp\/v2\/comments?post=24701"}],"version-history":[{"count":0,"href":"https:\/\/www.univ-eloued.dz\/fr\/wp-json\/wp\/v2\/posts\/24701\/revisions"}],"wp:attachment":[{"href":"https:\/\/www.univ-eloued.dz\/fr\/wp-json\/wp\/v2\/media?parent=24701"}],"wp:term":[{"taxonomy":"category","embeddable":true,"href":"https:\/\/www.univ-eloued.dz\/fr\/wp-json\/wp\/v2\/categories?post=24701"},{"taxonomy":"post_tag","embeddable":true,"href":"https:\/\/www.univ-eloued.dz\/fr\/wp-json\/wp\/v2\/tags?post=24701"}],"curies":[{"name":"wp","href":"https:\/\/api.w.org\/{rel}","templated":true}]}}