{"id":22407,"date":"2023-03-21T11:01:11","date_gmt":"2023-03-21T10:01:11","guid":{"rendered":"https:\/\/www.univ-eloued.dz\/?p=22407"},"modified":"2023-05-03T11:47:47","modified_gmt":"2023-05-03T10:47:47","slug":"jet","status":"publish","type":"post","link":"https:\/\/www.univ-eloued.dz\/fr\/jet\/","title":{"rendered":"Une journ\u00e9e d&#039;\u00e9tude sur les figures soufies du sud alg\u00e9rien et leur r\u00f4le dans la consolidation des valeurs doctrinales et p\u00e9dagogiques \u00e0 l&#039;Universit\u00e9 de la Vall\u00e9e"},"content":{"rendered":"<p><\/p>\r\n<p style=\"text-align: center;\"><span style=\"color: #061257;\"><strong style=\"text-align: center;\"><span style=\"font-size: 32px;\">Une journ\u00e9e d&#039;\u00e9tude sur les figures soufies du sud alg\u00e9rien et leur r\u00f4le dans la consolidation des valeurs doctrinales et p\u00e9dagogiques \u00e0 l&#039;Universit\u00e9 de la Vall\u00e9e \u00a0 \u00a0 \u00a0 \u00a0 \u00a0 <br \/>\r\n<\/span><\/strong><\/span><\/p>\r\n<div style=\"text-align: center;\">\r\n<div dir=\"auto\">\r\n<div class=\"nH if\">\r\n<div class=\"nH aHU\">\r\n<div class=\"nH hx\">\r\n<div>\r\n<div dir=\"auto\">\u00a0<\/div>\r\n<\/div>\r\n<div class=\"nH\" role=\"list\">\r\n<div class=\"h7 ie nH oy8Mbf\" tabindex=\"-1\" role=\"listitem\" aria-expanded=\"true\">\r\n<div class=\"Bk\">\r\n<div class=\"G3 G2\">\r\n<div id=\":je\">\r\n<div class=\"adn ads\" data-message-id=\"#msg-f:1737057818139031963\" data-legacy-message-id=\"181b44e1dc7df99b\">\r\n<div class=\"gs\">\r\n<div class=\"\">\r\n<div id=\":p5\" class=\"ii gt\">\r\n<div id=\":p4\" class=\"a3s aiL\">\r\n<div dir=\"auto\">\r\n<div dir=\"auto\">\r\n<div dir=\"auto\">\r\n<div dir=\"auto\">\r\n<div dir=\"auto\">\r\n<div dir=\"auto\">\r\n<div dir=\"auto\">\r\n<div dir=\"auto\">\r\n<div dir=\"auto\">\r\n<div dir=\"auto\">\r\n<div dir=\"auto\">\r\n<div dir=\"auto\">\r\n<div dir=\"auto\" style=\"text-align: right;\">\r\n<div dir=\"auto\">\r\n<div dir=\"auto\">\r\n<div dir=\"auto\">\r\n<div dir=\"auto\">\r\n<div dir=\"auto\">\r\n<div dir=\"auto\">\r\n<div dir=\"auto\">\r\n<div dir=\"auto\" style=\"text-align: justify;\">\r\n<div dir=\"auto\">\r\n<div class=\"gs\">\r\n<div class=\"\">\r\n<div id=\":16o\" class=\"ii gt\">\r\n<div id=\":124\" class=\"a3s aiL\">\r\n<div dir=\"ltr\">\r\n<div dir=\"auto\">\r\n<div id=\"m_-7463745221371186671gmail-jsc_c_2k\">\r\n<div dir=\"auto\">\r\n<div dir=\"auto\">\r\n<div dir=\"auto\">\r\n<div dir=\"auto\">\r\n<div id=\":7w\" class=\"ii gt\">\r\n<div id=\":6r\" class=\"a3s aiL\">\r\n<div dir=\"ltr\" style=\"text-align: right;\">\r\n<div dir=\"auto\">\r\n<div dir=\"auto\">\r\n<div dir=\"auto\">\r\n<div dir=\"auto\">\r\n<div dir=\"auto\">\r\n<div dir=\"auto\">\u00a0<\/div>\r\n<\/div>\r\n<\/div>\r\n<\/div>\r\n<\/div>\r\n<\/div>\r\n<div class=\"yj6qo\">\r\n<div dir=\"auto\">\r\n<div dir=\"auto\">\r\n<div>\r\n<div dir=\"auto\" style=\"padding-right: 40px;\"><span style=\"font-size: 20px;\"><strong>En comm\u00e9moration du 61\u00e8me anniversaire du Jour de la Victoire, aujourd&#039;hui 20\/03\/2023, l&#039;Universit\u00e9 Shahid Hama Lakhdar - El Oued - au sein de la Facult\u00e9 des Sciences Islamiques, D\u00e9partement des Fondements de la Religion, a organis\u00e9 une journ\u00e9e d&#039;\u00e9tude en coordination avec le laboratoire de contributions des savants alg\u00e9riens \u00e0 l&#039;enrichissement des sciences islamiques dans le cadre du projet de l&#039;\u00c9quipe de recherche (PRFU) sur les figures du soufisme dans le sud de l&#039;Alg\u00e9rie et leur r\u00f4le dans la consolidation des valeurs religieuses et \u00e9ducatives - la r\u00e9gion du Wadi Souf est un mod\u00e8le - \u00e0 l&#039;Amphith\u00e9\u00e2tre D ,<\/strong><\/span><\/div>\r\n<div dir=\"auto\" style=\"padding-right: 40px;\"><span style=\"font-size: 20px;\"><strong>Le doyen du Coll\u00e8ge, le professeur Rahmani Ibrahim, a supervis\u00e9 l&#039;ouverture de la manifestation en pr\u00e9sence d&#039;un certain nombre de professeurs et d&#039;\u00e9tudiants du Coll\u00e8ge. Le doyen a soulign\u00e9 l&#039;importance de ce sujet. Les personnalit\u00e9s \u00e9minentes du soufisme dans la r\u00e9gion de Wadi Suf, qui ont jou\u00e9 un grand r\u00f4le au service de l&#039;Islam et de la nation, notamment en facilitant la poursuite du savoir et sa diffusion, en ordonnant le bien et en interdisant le mal, en plus de pour leurs nombreuses \u0153uvres caritatives, remerciant le comit\u00e9 organisateur et scientifique pour les efforts d\u00e9ploy\u00e9s dans le cadre de cette manifestation au service de l&#039;universit\u00e9 et de la vie publique,<\/strong><\/span><\/div>\r\n<div dir=\"auto\" style=\"padding-right: 40px;\"><span style=\"font-size: 20px;\"><strong>Pour sa part, le responsable de la journ\u00e9e scolaire, Dr Jamal Al-Achraf, a prononc\u00e9 un discours dans lequel il a exprim\u00e9 l&#039;importance de la manifestation scientifique, ainsi que les dirigeants du soufisme dans le sud de l&#039;Alg\u00e9rie et leur r\u00f4le dans la consolidation des valeurs doctrinales et \u00e9ducatives. ainsi qu&#039;un discours du chef du d\u00e9partement des principes fondamentaux de la religion, le Dr Ali Khadra, sur la manifestation.<\/strong><\/span><\/div>\r\n<div dir=\"auto\" style=\"padding-right: 40px;\"><span style=\"font-size: 20px;\"><strong>L&#039;\u00e9v\u00e9nement scientifique comprenait plusieurs th\u00e8mes, dont une introduction g\u00e9n\u00e9rale au soufisme en Alg\u00e9rie, l&#039;\u00e9poque de son entr\u00e9e et de sa propagation, et les personnalit\u00e9s les plus marquantes qui y ont contribu\u00e9, et un deuxi\u00e8me th\u00e8me qui \u00e9tudie la r\u00e9gion du Wadi Souf, la pr\u00e9sentant et le l&#039;importance de sa situation strat\u00e9gique au Maghreb islamique et en Afrique en g\u00e9n\u00e9ral, et son r\u00f4le dans l&#039;adoption de la doctrine du monoth\u00e9isme et sa diffusion, et les sujets d&#039;\u00e9tude de la biographie et des \u00e9crits et les r\u00f4les, sur les figures du soufisme dans l&#039;ordre Qadiriyya, la Shadhiliyya. l&#039;ordre Rahmani et l&#039;ordre Tijaniya, dans la r\u00e9gion de Wadi Suf.<\/strong><\/span><\/div>\r\n<div dir=\"auto\" style=\"padding-right: 40px;\"><span style=\"font-size: 20px;\"><strong>La manifestation a \u00e9galement \u00e9t\u00e9 caract\u00e9ris\u00e9e par de nombreuses s\u00e9ances scientifiques comprenant de nombreuses interventions pr\u00e9sent\u00e9es par des professeurs et des chercheurs. La journ\u00e9e scolaire vise \u00e9galement \u00e0 atteindre un certain nombre d&#039;objectifs dont le plus important est la pr\u00e9sentation des figures du soufisme dans la r\u00e9gion de Wadi Suf et de leur patrimoine. , identifiant leur produit cognitif et examinant le r\u00f4le doctrinal, spirituel, \u00e9ducatif, social et culturel qu&#039;ils ont jou\u00e9. Figures notables du soufisme dans la r\u00e9gion, en plus de mettre en \u00e9vidence et de d\u00e9finir la le\u00e7on \u00e9ducative et comportementale tir\u00e9e de la conduite de personnalit\u00e9s \u00e9minentes. du soufisme dans la r\u00e9gion, sans oublier d&#039;attirer l&#039;attention des chercheurs et des \u00e9tudiants universitaires sur la n\u00e9cessit\u00e9 de valoriser le patrimoine \u00e9crit soufi de la r\u00e9gion et de ses notables, de le faire entrer dans le cercle de lumi\u00e8re et de lui donner vie en l&#039;\u00e9tudiant et en pr\u00e9parant des notes scientifiques et des th\u00e8ses \u00e0 ce sujet et travailler pour le r\u00e9aliser et le publier.<\/strong><\/span><\/div>\r\n<\/div>\r\n<\/div>\r\n<p><strong><span dir=\"auto\"><img fetchpriority=\"high\" decoding=\"async\" class=\"size-full wp-image-24289 aligncenter\" src=\"https:\/\/www.univ-eloued.dz\/wp-content\/uploads\/2023\/03\/ev10.jpg\" alt=\"\" width=\"1067\" height=\"513\" srcset=\"https:\/\/www.univ-eloued.dz\/wp-content\/uploads\/2023\/03\/ev10.jpg 1067w, https:\/\/www.univ-eloued.dz\/wp-content\/uploads\/2023\/03\/ev10-300x144.jpg 300w, https:\/\/www.univ-eloued.dz\/wp-content\/uploads\/2023\/03\/ev10-1024x492.jpg 1024w, https:\/\/www.univ-eloued.dz\/wp-content\/uploads\/2023\/03\/ev10-768x369.jpg 768w\" sizes=\"(max-width: 1067px) 100vw, 1067px\" \/><\/span><\/strong><\/p>\r\n<\/div>\r\n<\/div>\r\n<\/div>\r\n<\/div>\r\n<\/div>\r\n<\/div>\r\n<\/div>\r\n<\/div>\r\n<\/div>\r\n<\/div>\r\n<\/div>\r\n<\/div>\r\n<\/div>\r\n<\/div>\r\n<\/div>\r\n<\/div>\r\n<\/div>\r\n<\/div>\r\n<\/div>\r\n<\/div>\r\n<\/div>\r\n<\/div>\r\n<\/div>\r\n<\/div>\r\n<\/div>\r\n<\/div>\r\n<\/div>\r\n<\/div>\r\n<\/div>\r\n<\/div>\r\n<\/div>\r\n<\/div>\r\n<\/div>\r\n<\/div>\r\n<\/div>\r\n<\/div>\r\n<\/div>\r\n<\/div>\r\n<\/div>\r\n<\/div>\r\n<\/div>\r\n<\/div>\r\n<\/div>\r\n<\/div>\r\n<\/div>\r\n<\/div>\r\n<\/div>\r\n<\/div>\r\n<\/div>\r\n<\/div>\r\n<\/div>\r\n<\/div>\r\n<\/div>\r\n<p><\/p>","protected":false},"excerpt":{"rendered":"","protected":false},"author":1,"featured_media":0,"comment_status":"closed","ping_status":"closed","sticky":false,"template":"elementor_header_footer","format":"standard","meta":{"footnotes":""},"categories":[5,3],"tags":[37,99,40,98,39,38,785],"class_list":["post-22407","post","type-post","status-publish","format-standard","hentry","category-5","category-univ_eloued","tag-univ-of-eloued","tag-university-events","tag-university-of-chahid-hama-lakhdar","tag-98","tag-39","tag-38","tag-785"],"rttpg_featured_image_url":null,"rttpg_author":{"display_name":"Fai\u00e7al HIMA","author_link":"https:\/\/www.univ-eloued.dz\/fr\/author\/faical\/"},"rttpg_comment":0,"rttpg_category":"<a href=\"https:\/\/www.univ-eloued.dz\/fr\/tech\/univ_eloued\/%d9%86%d8%b4%d8%a7%d8%b7%d8%a7%d8%aa-%d8%ac%d8%a7%d9%85%d8%b9%d8%a9-%d8%a7%d9%84%d9%88%d8%a7%d8%af%d9%8a\/\" rel=\"category tag\">\u0627\u0644\u0623\u062d\u062f\u0627\u062b \u0627\u0644\u062c\u0627\u0645\u0639\u064a\u0629<\/a> <a href=\"https:\/\/www.univ-eloued.dz\/fr\/tech\/univ_eloued\/\" rel=\"category tag\">\u0627\u0644\u062c\u0627\u0645\u0639\u0629<\/a>","rttpg_excerpt":null,"_links":{"self":[{"href":"https:\/\/www.univ-eloued.dz\/fr\/wp-json\/wp\/v2\/posts\/22407","targetHints":{"allow":["GET"]}}],"collection":[{"href":"https:\/\/www.univ-eloued.dz\/fr\/wp-json\/wp\/v2\/posts"}],"about":[{"href":"https:\/\/www.univ-eloued.dz\/fr\/wp-json\/wp\/v2\/types\/post"}],"author":[{"embeddable":true,"href":"https:\/\/www.univ-eloued.dz\/fr\/wp-json\/wp\/v2\/users\/1"}],"replies":[{"embeddable":true,"href":"https:\/\/www.univ-eloued.dz\/fr\/wp-json\/wp\/v2\/comments?post=22407"}],"version-history":[{"count":0,"href":"https:\/\/www.univ-eloued.dz\/fr\/wp-json\/wp\/v2\/posts\/22407\/revisions"}],"wp:attachment":[{"href":"https:\/\/www.univ-eloued.dz\/fr\/wp-json\/wp\/v2\/media?parent=22407"}],"wp:term":[{"taxonomy":"category","embeddable":true,"href":"https:\/\/www.univ-eloued.dz\/fr\/wp-json\/wp\/v2\/categories?post=22407"},{"taxonomy":"post_tag","embeddable":true,"href":"https:\/\/www.univ-eloued.dz\/fr\/wp-json\/wp\/v2\/tags?post=22407"}],"curies":[{"name":"wp","href":"https:\/\/api.w.org\/{rel}","templated":true}]}}